{"id":367,"date":"2023-03-20T13:24:41","date_gmt":"2023-03-20T12:24:41","guid":{"rendered":"https:\/\/paliers95.org\/?p=367"},"modified":"2023-03-20T13:24:44","modified_gmt":"2023-03-20T12:24:44","slug":"interdepartementaux-de-psp-villiers-le-bel","status":"publish","type":"post","link":"https:\/\/paliers95.org\/index.php\/2023\/03\/20\/interdepartementaux-de-psp-villiers-le-bel\/","title":{"rendered":"Interd\u00e9partementaux  de PSP Villiers le Bel"},"content":{"rendered":"\n<p>Notre \u00e9quipe est peut-\u00eatre r\u00e9duite mais elle est performante !  Nous avons remport\u00e9 9 m\u00e9dailles et 10 qualifications pour les championnats de France \u00e0 Limoges le premier week-end de juin. Sur nos 5 comp\u00e9titeurs, Olivier a les meilleurs temps  dans les \u00e9preuves o\u00f9 il a concouru mais arrive toujours 4 \u00e8me dans sa cat\u00e9gorie..<\/p>\n\n\n\n<p>Au combin\u00e9 cat\u00e9gorie senior : m\u00e9daille d&rsquo;or pour Sylvie et Alice   argent pour Gabriel et Johan . Parachute : M\u00e9daille d&rsquo;or  pour Alice et argent pour Johan. Trial : M\u00e9daille d&rsquo;or pour Alice et Gabriel en senior, argent pour Sylvie en master 2 et enfin m\u00e9daille d&rsquo;argent pour notre relai torp\u00e9do!   Merci \u00e0 nos fid\u00e8les arbitres Ahmed et Adrien et bravo pour l&rsquo;organisation de Villiers Le bel : petit dej, collations et repas du midi offerts et m\u00e9dailles remises par messieurs le maire et le d\u00e9put\u00e9 !<\/p>\n\n\n\n\n\n<p><\/p>\n","protected":false},"excerpt":{"rendered":"<p>Notre \u00e9quipe est peut-\u00eatre r\u00e9duite mais elle est performante ! Nous avons remport\u00e9 9 m\u00e9dailles et 10 qualifications pour les championnats de France \u00e0 Limoges le premier week-end de juin. Sur nos 5 comp\u00e9titeurs, Olivier a les meilleurs temps dans les \u00e9preuves o\u00f9 il a concouru mais arrive toujours 4 \u00e8me dans sa cat\u00e9gorie.. Au &hellip; <\/p>\n<p class=\"link-more\"><a href=\"https:\/\/paliers95.org\/index.php\/2023\/03\/20\/interdepartementaux-de-psp-villiers-le-bel\/\" class=\"more-link\">Continuer la lecture<span class=\"screen-reader-text\"> de &laquo;&nbsp;Interd\u00e9partementaux  de PSP Villiers le Bel&nbsp;&raquo;<\/span><\/a><\/p>\n","protected":false},"author":2,"featured_media":0,"comment_status":"open","ping_status":"open","sticky":false,"template":"","format":"standard","meta":{"om_disable_all_campaigns":false,"_monsterinsights_skip_tracking":false,"_monsterinsights_sitenote_active":false,"_monsterinsights_sitenote_note":"","_monsterinsights_sitenote_category":0,"footnotes":""},"categories":[1],"tags":[],"class_list":["post-367","post","type-post","status-publish","format-standard","hentry","category-non-classe"],"aioseo_notices":[],"_links":{"self":[{"href":"https:\/\/paliers95.org\/index.php\/wp-json\/wp\/v2\/posts\/367","targetHints":{"allow":["GET"]}}],"collection":[{"href":"https:\/\/paliers95.org\/index.php\/wp-json\/wp\/v2\/posts"}],"about":[{"href":"https:\/\/paliers95.org\/index.php\/wp-json\/wp\/v2\/types\/post"}],"author":[{"embeddable":true,"href":"https:\/\/paliers95.org\/index.php\/wp-json\/wp\/v2\/users\/2"}],"replies":[{"embeddable":true,"href":"https:\/\/paliers95.org\/index.php\/wp-json\/wp\/v2\/comments?post=367"}],"version-history":[{"count":1,"href":"https:\/\/paliers95.org\/index.php\/wp-json\/wp\/v2\/posts\/367\/revisions"}],"predecessor-version":[{"id":370,"href":"https:\/\/paliers95.org\/index.php\/wp-json\/wp\/v2\/posts\/367\/revisions\/370"}],"wp:attachment":[{"href":"https:\/\/paliers95.org\/index.php\/wp-json\/wp\/v2\/media?parent=367"}],"wp:term":[{"taxonomy":"category","embeddable":true,"href":"https:\/\/paliers95.org\/index.php\/wp-json\/wp\/v2\/categories?post=367"},{"taxonomy":"post_tag","embeddable":true,"href":"https:\/\/paliers95.org\/index.php\/wp-json\/wp\/v2\/tags?post=367"}],"curies":[{"name":"wp","href":"https:\/\/api.w.org\/{rel}","templated":true}]}}