{"id":418,"date":"2023-06-10T06:59:27","date_gmt":"2023-06-10T04:59:27","guid":{"rendered":"https:\/\/paliers95.org\/?p=418"},"modified":"2024-08-26T16:28:31","modified_gmt":"2024-08-26T14:28:31","slug":"sortie-club-a-estartit-en-espagne","status":"publish","type":"post","link":"https:\/\/paliers95.org\/index.php\/2023\/06\/10\/sortie-club-a-estartit-en-espagne\/","title":{"rendered":"Sortie club \u00e0 Estartit en Espagne"},"content":{"rendered":"\n<p>Bien que le soleil ne fut pas toujours au rendez-vous et que l\u2019eau \u00e9tait encore un peu fraiche \u00e0 cette \u00e9poque de l\u2019ann\u00e9e, cela n\u2019a pas emp\u00each\u00e9 notre vingtaine de plongeurs de faire de belles sorties.<br>Au programme de ce long week-end de l\u2019ascension aux iles m\u00e8des (Estartit) , 6 plong\u00e9es sur 4 jours nous ont permis de voir m\u00e9rous, Barracudas, mostelles, poulpes, mur\u00e8nes, dentis et pour ceux qui avaient la patience et de bons yeux de chercher dans la roche  et de d\u00e9couvrir de nombreuses esp\u00e8ces de nudibranches et de limaces. (voir photos)<br>Petite Particularit\u00e9 cette ann\u00e9e, les fonds marins \u00e9taient recouverts d\u2019une algue verd\u00e2tre (Barbe \u00e0 Papa) dans la zone de 0 \u00e0 25 m\u00e8tres ce qui cr\u00e9e par endroit un paysage lunaire mais dessous la vie est toujours abondante, il fallait juste fouiller&#8230;.<br>Un grand merci \u00e0 tous les participants dont la bonne humeur fut toujours pr\u00e9sente sous l\u2019eau comme sur terre, quelques soient les impr\u00e9vus auxquels nous avons d\u00fb faire face.<br><\/p>\n\n\n\n\n\n\n","protected":false},"excerpt":{"rendered":"<p>Bien que le soleil ne fut pas toujours au rendez-vous et que l\u2019eau \u00e9tait encore un peu fraiche \u00e0 cette \u00e9poque de l\u2019ann\u00e9e, cela n\u2019a pas emp\u00each\u00e9 notre vingtaine de plongeurs de faire de belles sorties.Au programme de ce long week-end de l\u2019ascension aux iles m\u00e8des (Estartit) , 6 plong\u00e9es sur 4 jours nous ont &hellip; <\/p>\n<p class=\"link-more\"><a href=\"https:\/\/paliers95.org\/index.php\/2023\/06\/10\/sortie-club-a-estartit-en-espagne\/\" class=\"more-link\">Continuer la lecture<span class=\"screen-reader-text\"> de &laquo;&nbsp;Sortie club \u00e0 Estartit en Espagne&nbsp;&raquo;<\/span><\/a><\/p>\n","protected":false},"author":2,"featured_media":0,"comment_status":"closed","ping_status":"closed","sticky":false,"template":"","format":"standard","meta":{"om_disable_all_campaigns":false,"_monsterinsights_skip_tracking":false,"_monsterinsights_sitenote_active":false,"_monsterinsights_sitenote_note":"","_monsterinsights_sitenote_category":0,"footnotes":""},"categories":[1],"tags":[],"class_list":["post-418","post","type-post","status-publish","format-standard","hentry","category-non-classe"],"aioseo_notices":[],"_links":{"self":[{"href":"https:\/\/paliers95.org\/index.php\/wp-json\/wp\/v2\/posts\/418","targetHints":{"allow":["GET"]}}],"collection":[{"href":"https:\/\/paliers95.org\/index.php\/wp-json\/wp\/v2\/posts"}],"about":[{"href":"https:\/\/paliers95.org\/index.php\/wp-json\/wp\/v2\/types\/post"}],"author":[{"embeddable":true,"href":"https:\/\/paliers95.org\/index.php\/wp-json\/wp\/v2\/users\/2"}],"replies":[{"embeddable":true,"href":"https:\/\/paliers95.org\/index.php\/wp-json\/wp\/v2\/comments?post=418"}],"version-history":[{"count":2,"href":"https:\/\/paliers95.org\/index.php\/wp-json\/wp\/v2\/posts\/418\/revisions"}],"predecessor-version":[{"id":421,"href":"https:\/\/paliers95.org\/index.php\/wp-json\/wp\/v2\/posts\/418\/revisions\/421"}],"wp:attachment":[{"href":"https:\/\/paliers95.org\/index.php\/wp-json\/wp\/v2\/media?parent=418"}],"wp:term":[{"taxonomy":"category","embeddable":true,"href":"https:\/\/paliers95.org\/index.php\/wp-json\/wp\/v2\/categories?post=418"},{"taxonomy":"post_tag","embeddable":true,"href":"https:\/\/paliers95.org\/index.php\/wp-json\/wp\/v2\/tags?post=418"}],"curies":[{"name":"wp","href":"https:\/\/api.w.org\/{rel}","templated":true}]}}