{"id":435,"date":"2023-06-27T19:36:46","date_gmt":"2023-06-27T17:36:46","guid":{"rendered":"https:\/\/paliers95.org\/?p=435"},"modified":"2023-12-05T15:33:02","modified_gmt":"2023-12-05T14:33:02","slug":"barbecue-de-fin-dannee","status":"publish","type":"post","link":"https:\/\/paliers95.org\/index.php\/2023\/06\/27\/barbecue-de-fin-dannee\/","title":{"rendered":"Barbecue de fin d&rsquo;ann\u00e9e"},"content":{"rendered":"\n<p>Notre pr\u00e9sident nous a accueilli sur son superbe terrain familial pour un moment convivial avant de se s\u00e9parer pour les vacances. Ambiance chaleureuse dans tous les sens du terme en ce premier dimanche de l&rsquo;\u00e9t\u00e9 2023 . Bravo \u00e0 notre jeune retrait\u00e9e Sylvie qui est venue \u00e0 v\u00e9lo (25 kms environ ).<\/p>\n\n\n\n<p>Pour ceux qui restent dans la r\u00e9gion, ils ont possibilit\u00e9 de  nager aux \u00e9tangs le lundi, mercredi et vendredi soir avec leur joli bonnet rose s&rsquo;ils ont command\u00e9 un badge. Nage, ap\u00e9ro ou pique-nique \u00e0 la cl\u00e9 organis\u00e9s par les  participants entre eux.<\/p>\n\n\n\n<p>Bel \u00e9t\u00e9 \u00e0 tous, belles plong\u00e9es pour ceux qui en ont la possibilit\u00e9 , bonne nage et revenez en forme et tout bronz\u00e9!  <\/p>\n\n\n\n<p>RDV en septembre au salon des associations pour votre inscription. Pensez \u00e0 aller voir votre m\u00e9decin pour votre certificat m\u00e9dical et merci encore \u00e0 tous les moniteurs et aux membres du bureau ainsi qu&rsquo;\u00e0 ceux qui l&rsquo;ont quitt\u00e9 ! Bienvenue \u00e0 notre nouveau tr\u00e9sorier Johan et notre nouvel initiateur Christophe!<\/p>\n\n\n","protected":false},"excerpt":{"rendered":"<p>Notre pr\u00e9sident nous a accueilli sur son superbe terrain familial pour un moment convivial avant de se s\u00e9parer pour les vacances. Ambiance chaleureuse dans tous les sens du terme en ce premier dimanche de l&rsquo;\u00e9t\u00e9 2023 . Bravo \u00e0 notre jeune retrait\u00e9e Sylvie qui est venue \u00e0 v\u00e9lo (25 kms environ ). Pour ceux qui &hellip; <\/p>\n<p class=\"link-more\"><a href=\"https:\/\/paliers95.org\/index.php\/2023\/06\/27\/barbecue-de-fin-dannee\/\" class=\"more-link\">Continuer la lecture<span class=\"screen-reader-text\"> de &laquo;&nbsp;Barbecue de fin d&rsquo;ann\u00e9e&nbsp;&raquo;<\/span><\/a><\/p>\n","protected":false},"author":2,"featured_media":0,"comment_status":"closed","ping_status":"closed","sticky":false,"template":"","format":"standard","meta":{"om_disable_all_campaigns":false,"_monsterinsights_skip_tracking":false,"_monsterinsights_sitenote_active":false,"_monsterinsights_sitenote_note":"","_monsterinsights_sitenote_category":0,"footnotes":""},"categories":[1],"tags":[],"class_list":["post-435","post","type-post","status-publish","format-standard","hentry","category-non-classe"],"aioseo_notices":[],"_links":{"self":[{"href":"https:\/\/paliers95.org\/index.php\/wp-json\/wp\/v2\/posts\/435","targetHints":{"allow":["GET"]}}],"collection":[{"href":"https:\/\/paliers95.org\/index.php\/wp-json\/wp\/v2\/posts"}],"about":[{"href":"https:\/\/paliers95.org\/index.php\/wp-json\/wp\/v2\/types\/post"}],"author":[{"embeddable":true,"href":"https:\/\/paliers95.org\/index.php\/wp-json\/wp\/v2\/users\/2"}],"replies":[{"embeddable":true,"href":"https:\/\/paliers95.org\/index.php\/wp-json\/wp\/v2\/comments?post=435"}],"version-history":[{"count":2,"href":"https:\/\/paliers95.org\/index.php\/wp-json\/wp\/v2\/posts\/435\/revisions"}],"predecessor-version":[{"id":438,"href":"https:\/\/paliers95.org\/index.php\/wp-json\/wp\/v2\/posts\/435\/revisions\/438"}],"wp:attachment":[{"href":"https:\/\/paliers95.org\/index.php\/wp-json\/wp\/v2\/media?parent=435"}],"wp:term":[{"taxonomy":"category","embeddable":true,"href":"https:\/\/paliers95.org\/index.php\/wp-json\/wp\/v2\/categories?post=435"},{"taxonomy":"post_tag","embeddable":true,"href":"https:\/\/paliers95.org\/index.php\/wp-json\/wp\/v2\/tags?post=435"}],"curies":[{"name":"wp","href":"https:\/\/api.w.org\/{rel}","templated":true}]}}